{"id":1006,"date":"2022-04-10T11:09:27","date_gmt":"2022-04-10T09:09:27","guid":{"rendered":"https:\/\/rzepedz.przemyska.pl\/?p=1006"},"modified":"2022-04-10T11:09:27","modified_gmt":"2022-04-10T09:09:27","slug":"6-niedziela-wielkiego-postu-niedziela-palmowa-10-kwietnia-2022-r","status":"publish","type":"post","link":"https:\/\/rzepedz.przemyska.pl\/index.php\/2022\/04\/10\/6-niedziela-wielkiego-postu-niedziela-palmowa-10-kwietnia-2022-r\/","title":{"rendered":"6 Niedziela Wielkiego Postu \u2013 Niedziela Palmowa &#8211; 10 kwietnia 2022 r"},"content":{"rendered":"<ol>\n<li style=\"text-align: justify;\">Dzi\u015b Niedziela M\u0119ki Pa\u0144skiej, czyli Niedziela Palmowa, kt\u00f3ra rozpoczyna Wielki Tydzie\u0144. Na ka\u017cdej Mszy \u015awi\u0119tej po\u015bwi\u0119cenie palm. Po Sumie Gorzkie \u017bale. Jutro spowied\u017a wielkopostna <strong>w Rzepedzi<\/strong> od\u00a0<strong> 14<sup>30<\/sup> do 16<sup>30<\/sup><\/strong> , <strong>w Kulasznym<\/strong> od <strong>godz. 16<sup>00<\/sup> do 17<sup>00<\/sup><\/strong>. W\u00a0\u015brod\u0119 zapraszamy na\u00a0nowenn\u0119 do Matki Bo\u017cej Salety\u0144skiej.<\/li>\n<li style=\"text-align: justify;\">Odwiedziny u chorych jutro od godz. 8<sup>00<\/sup>. Chorych do odwiedzin mo\u017cna zg\u0142asza\u0107 jeszcze dzisiaj w zakrystii, albo telefonicznie.<\/li>\n<li style=\"text-align: justify;\">Do odebrania jest prasa katolicka: \u201eNiedziela\u201d. Zach\u0119cam do korzystania ze strony internetowej naszej Parafii.<\/li>\n<li style=\"text-align: justify;\">Spotkanie ministrant\u00f3w w \u015brod\u0119 o godz. 17<sup>00<\/sup>.<\/li>\n<li style=\"text-align: justify;\">Dzi\u0119kuj\u0119 Pani Krystynie, Panu Grzegorzowi i Panu Danielowi za przygotowanie \u015bwi\u0105tyni do dzisiejszej liturgii i z\u0142o\u017con\u0105 ofiar\u0119, B\u00f3g zap\u0142a\u0107. Prosz\u0119 o kontynuowanie kolejki sprz\u0105tania w sobot\u0119 16 kwietnia o godz. 7<sup>30<\/sup> przed rozpocz\u0119ciem Adoracji.<\/li>\n<\/ol>\n<p style=\"text-align: justify;\"><strong>Triduum Paschalne<\/strong><\/p>\n<p style=\"text-align: justify;\"><strong>Wielki Czwartek<\/strong> to dzie\u0144 wdzi\u0119czno\u015bci za sakrament Eucharystii i\u00a0kap\u0142a\u0144stwa &#8211; Msza Wieczerzy Pa\u0144skiej w ko\u015bciele parafialnym o <strong>godz. 18<sup>00<\/sup><\/strong>. Po Mszy przeniesienie Naj\u015bwi\u0119tszego Sakramentu do Ciemnicy i adoracja do <strong>godz. 20<sup>00<\/sup><\/strong>.<\/p>\n<p style=\"text-align: justify;\">W ko\u015bciele dojazdowym w Kulasznym Msza Wieczerzy Pa\u0144skiej o <strong>godz. 16<sup>45<\/sup><\/strong>. Adoracja Naj\u015bwi\u0119tszego Sakramentu w Ciemnicy do <strong>godz. 19<sup>00<\/sup><\/strong>.<\/p>\n<p style=\"text-align: justify;\"><strong>Wielki Pi\u0105tek <\/strong>to dzie\u0144 \u015bmierci Jezusa na Krzy\u017cu. Droga Krzy\u017cowa o <strong>godz. 18<sup>00<\/sup><\/strong>, a\u00a0po niej Liturgia M\u0119ki Pa\u0144skiej. Po przeniesieniu Naj\u015bwi\u0119tszego Sakramentu do\u00a0Bo\u017cego Grobu, adoracja do <strong>godz. 20<sup>30<\/sup><\/strong>. W Wielki Pi\u0105tek obowi\u0105zuje post \u015bcis\u0142y, od kt\u00f3rego nie ma dyspensy. Zach\u0119camy do adoracji krzy\u017ca w ko\u015bciele (podczas indywidualnej adoracji nie ca\u0142ujemy krzy\u017ca). Ofiary sk\u0142adane przy Adoracji Krzy\u017ca przeznaczone s\u0105 na utrzymanie Bazyliki Grobu Pa\u0144skiego w Jerozolimie.<\/p>\n<p style=\"text-align: justify;\">W\u00a0ko\u015bciele dojazdowym w Kulasznym Droga Krzy\u017cowa o <strong>godz. 16<sup>30<\/sup><\/strong>, a po niej Liturgia M\u0119ki Pa\u0144skiej o <strong>godz. 17<sup>00<\/sup><\/strong>. Adoracja Naj\u015bwi\u0119tszego Sakramentu w Grobie do <strong>godz. 19<sup>00<\/sup><\/strong>.<\/p>\n<p style=\"text-align: justify;\"><strong>W\u00a0Wielk\u0105 Sobot\u0119 <\/strong>adoracja Pana Jezusa w Bo\u017cym Grobie od <strong>godz. 9.<sup>00<\/sup> do 19<sup>00<\/sup><\/strong>. Po\u015bwi\u0119cenia pokarm\u00f3w na st\u00f3\u0142 wielkanocny w ko\u015bciele w Rzepedzi o <strong>godz. 9<sup>00<\/sup><\/strong><strong>, 10<sup>30<\/sup> i 12<sup>00<\/sup><\/strong>.<\/p>\n<p style=\"text-align: justify;\">W Kulasznym po\u015bwi\u0119cenie pokarm\u00f3w o <strong>godz. 10<sup>00<\/sup> i 11<sup>00<\/sup><\/strong>.<\/p>\n<p style=\"text-align: justify;\">Wigilia Paschalna w ko\u015bciele parafialnym rozpocznie si\u0119 o <strong>godz. 19<sup>30<\/sup><\/strong>. Adoracja do <strong>godz. 21<sup>30<\/sup><\/strong>.<\/p>\n<p style=\"text-align: justify;\">W\u00a0ko\u015bciele dojazdowym w <strong>Kulasznym Wigilia Paschalna<\/strong> o <strong>godz. 17<sup>30<\/sup><\/strong>. Adoracja do <strong>godz. 19<sup>30<\/sup><\/strong>.<\/p>\n<p style=\"text-align: justify;\">Na Wielkanoc <strong>w Rzepedzi<\/strong> <strong>Rezurekcja<\/strong> w ko\u015bciele parafialnym o <strong>godz. 6<sup>00<\/sup><\/strong>. Nie\u00a0b\u0119dzie Mszy \u015awi\u0119tej o <strong>godz. 7<sup>30<\/sup><\/strong>. B\u0119dzie natomiast Suma o <strong>godz. 11<sup>00<\/sup><\/strong>.<\/p>\n<p style=\"text-align: justify;\">Na <strong>Wielkanoc<\/strong> w Kulasznym<strong> Rezurekcja<\/strong> o\u00a0<strong>godz. 6<sup>00<\/sup><\/strong>, i druga Msza \u015bw. o <strong>godz. 9<sup>30<\/sup><\/strong>.<\/p>\n<p style=\"text-align: justify;\"><strong>Porz\u0105dek Mszy \u015bwi\u0119tych w <\/strong><strong>Poniedzia\u0142ek Wielkanocny jak w ka\u017cd\u0105 niedziel\u0119:<\/strong><\/p>\n<p style=\"text-align: justify;\">W Rzepedzi o <strong>godz. 7<sup>30<\/sup><\/strong>, i o <strong>godz. 11<sup>00<\/sup><\/strong>.<\/p>\n<p style=\"text-align: justify;\">W Kulasznym o godz. 9<sup>30<\/sup>.<\/p>\n<p style=\"text-align: justify;\"><strong>S\u0142owo \u017cycia na najbli\u017cszy tydzie\u0144<\/strong>: \u201eOjcze, w Twoje r\u0119ce oddaje ducha mojego\u201d (\u0141k 23,46).<\/p>\n","protected":false},"excerpt":{"rendered":"<p>Dzi\u015b Niedziela M\u0119ki Pa\u0144skiej, czyli Niedziela Palmowa, kt\u00f3ra rozpoczyna Wielki Tydzie\u0144. Na ka\u017cdej Mszy \u015awi\u0119tej po\u015bwi\u0119cenie palm. Po Sumie Gorzkie \u017bale. Jutro spowied\u017a wielkopostna w Rzepedzi od\u00a0 1430 do 1630 , w Kulasznym od godz. 1600 do 1700. W\u00a0\u015brod\u0119 zapraszamy na\u00a0nowenn\u0119 do Matki Bo\u017cej Salety\u0144skiej. Odwiedziny u chorych jutro od godz. 800. Chorych do odwiedzin [&hellip;]<\/p>\n","protected":false},"author":1,"featured_media":468,"comment_status":"closed","ping_status":"open","sticky":false,"template":"","format":"standard","meta":{"_jetpack_memberships_contains_paid_content":false,"footnotes":""},"categories":[3,2],"tags":[7],"class_list":{"0":"post-1006","1":"post","2":"type-post","3":"status-publish","4":"format-standard","5":"has-post-thumbnail","7":"category-aktualnosci","8":"category-ogloszenia","9":"tag-ogloszenia","10":"czr-hentry"},"jetpack_featured_media_url":"https:\/\/rzepedz.przemyska.pl\/wp-content\/uploads\/2021\/01\/Obraz1-1.jpg","jetpack_sharing_enabled":true,"_links":{"self":[{"href":"https:\/\/rzepedz.przemyska.pl\/index.php\/wp-json\/wp\/v2\/posts\/1006","targetHints":{"allow":["GET"]}}],"collection":[{"href":"https:\/\/rzepedz.przemyska.pl\/index.php\/wp-json\/wp\/v2\/posts"}],"about":[{"href":"https:\/\/rzepedz.przemyska.pl\/index.php\/wp-json\/wp\/v2\/types\/post"}],"author":[{"embeddable":true,"href":"https:\/\/rzepedz.przemyska.pl\/index.php\/wp-json\/wp\/v2\/users\/1"}],"replies":[{"embeddable":true,"href":"https:\/\/rzepedz.przemyska.pl\/index.php\/wp-json\/wp\/v2\/comments?post=1006"}],"version-history":[{"count":0,"href":"https:\/\/rzepedz.przemyska.pl\/index.php\/wp-json\/wp\/v2\/posts\/1006\/revisions"}],"wp:featuredmedia":[{"embeddable":true,"href":"https:\/\/rzepedz.przemyska.pl\/index.php\/wp-json\/wp\/v2\/media\/468"}],"wp:attachment":[{"href":"https:\/\/rzepedz.przemyska.pl\/index.php\/wp-json\/wp\/v2\/media?parent=1006"}],"wp:term":[{"taxonomy":"category","embeddable":true,"href":"https:\/\/rzepedz.przemyska.pl\/index.php\/wp-json\/wp\/v2\/categories?post=1006"},{"taxonomy":"post_tag","embeddable":true,"href":"https:\/\/rzepedz.przemyska.pl\/index.php\/wp-json\/wp\/v2\/tags?post=1006"}],"curies":[{"name":"wp","href":"https:\/\/api.w.org\/{rel}","templated":true}]}}