{"id":1154,"date":"2022-07-12T10:40:33","date_gmt":"2022-07-12T08:40:33","guid":{"rendered":"https:\/\/rzepedz.przemyska.pl\/?p=1154"},"modified":"2022-07-21T19:58:06","modified_gmt":"2022-07-21T17:58:06","slug":"jubileusz-50-lecia-kaplanstwa-ks-pralata-boleslawa-burka","status":"publish","type":"post","link":"https:\/\/rzepedz.przemyska.pl\/index.php\/2022\/07\/12\/jubileusz-50-lecia-kaplanstwa-ks-pralata-boleslawa-burka\/","title":{"rendered":"Jubileusz 50-lecia kap\u0142a\u0144stwa Ks. Pra\u0142ata Boles\u0142awa Burka"},"content":{"rendered":"<p style=\"text-align: justify;\"><a href=\"https:\/\/rzepedz.przemyska.pl\/index.php\/bwg_gallery\/jubileusz-50-lecia-kaplanstwa-ks-pralata-boleslawa-burka\/\"><img loading=\"lazy\" decoding=\"async\" class=\"alignleft wp-image-1155 size-medium\" title=\"zdj\u0119cia w Galerii\" src=\"https:\/\/rzepedz.przemyska.pl\/wp-content\/uploads\/2022\/07\/092-300x199.jpg\" alt=\"\" width=\"300\" height=\"199\" srcset=\"https:\/\/rzepedz.przemyska.pl\/wp-content\/uploads\/2022\/07\/092-300x199.jpg 300w, https:\/\/rzepedz.przemyska.pl\/wp-content\/uploads\/2022\/07\/092-1024x680.jpg 1024w, https:\/\/rzepedz.przemyska.pl\/wp-content\/uploads\/2022\/07\/092-768x510.jpg 768w, https:\/\/rzepedz.przemyska.pl\/wp-content\/uploads\/2022\/07\/092.jpg 1200w\" sizes=\"auto, (max-width: 300px) 100vw, 300px\" \/><\/a>W niedziel\u0119 19 czerwca 2022 prze\u017cywali\u015bmy <strong>Jubileusz 50-lecia \u015bwi\u0119ce\u0144 kap\u0142a\u0144skich Ksi\u0119dza Pra\u0142ata Boles\u0142awa Burka<\/strong>. Uroczysta Msza \u015bwi\u0119ta pod przewodnictwem o. S\u0142awomira Zieli\u0144skiego OFMConv, rodaka rzepedzkiego i wychowanka Ks. Pra\u0142ata, koncelebrowana przez kilkunastu kap\u0142an\u00f3w (by\u0142ych wikariuszy w Rzepedzi, ksi\u0119\u017cy z dekanatu rzepedzkiego oraz przyjaci\u00f3\u0142 Jubilata) rozpocz\u0119\u0142a si\u0119 o godz. 11.00, homili\u0119 wyg\u0142osi\u0142 ks. Kazimierz Rojek, proboszcz z Gwizdowa, dawny wikariusz w Koma\u0144czy.\u00a0 Po Mszy \u015bw. wyruszy\u0142a procesja z Naj\u015bwi\u0119tszym Sakramentem. Po zako\u0144czeniu procesji i rozwi\u0105zaniu zgromadzenia liturgicznego nast\u0105pi\u0142y \u017cyczenia dla ksi\u0119dza Jubilata sk\u0142adane przez dzieci, m\u0142odzie\u017c, Rady Parafialne, Rodzin\u0119 Ks. Jubilata, delegacje z innych parafii, siostry Nazaretanki, obecnych na uroczysto\u015bci kap\u0142an\u00f3w i indywidualne. Spotkanie zako\u0144czy\u0142 wsp\u00f3lny posi\u0142ek dla zaproszonych go\u015bci w o\u015brodku turystycznym \u201ePod Suli\u0142\u0105\u201d w Rzepedzi.<\/p>\n","protected":false},"excerpt":{"rendered":"<p>W niedziel\u0119 19 czerwca 2022 prze\u017cywali\u015bmy Jubileusz 50-lecia \u015bwi\u0119ce\u0144 kap\u0142a\u0144skich Ksi\u0119dza Pra\u0142ata Boles\u0142awa Burka. Uroczysta Msza \u015bwi\u0119ta pod przewodnictwem o. S\u0142awomira Zieli\u0144skiego OFMConv, rodaka rzepedzkiego i wychowanka Ks. Pra\u0142ata, koncelebrowana przez kilkunastu kap\u0142an\u00f3w (by\u0142ych wikariuszy w Rzepedzi, ksi\u0119\u017cy z dekanatu rzepedzkiego oraz przyjaci\u00f3\u0142 Jubilata) rozpocz\u0119\u0142a si\u0119 o godz. 11.00, homili\u0119 wyg\u0142osi\u0142 ks. Kazimierz Rojek, proboszcz [&hellip;]<\/p>\n","protected":false},"author":1,"featured_media":1155,"comment_status":"closed","ping_status":"open","sticky":false,"template":"","format":"standard","meta":{"_jetpack_memberships_contains_paid_content":false,"footnotes":""},"categories":[3],"tags":[],"class_list":{"0":"post-1154","1":"post","2":"type-post","3":"status-publish","4":"format-standard","5":"has-post-thumbnail","7":"category-aktualnosci","8":"czr-hentry"},"jetpack_featured_media_url":"https:\/\/rzepedz.przemyska.pl\/wp-content\/uploads\/2022\/07\/092.jpg","jetpack_sharing_enabled":true,"_links":{"self":[{"href":"https:\/\/rzepedz.przemyska.pl\/index.php\/wp-json\/wp\/v2\/posts\/1154","targetHints":{"allow":["GET"]}}],"collection":[{"href":"https:\/\/rzepedz.przemyska.pl\/index.php\/wp-json\/wp\/v2\/posts"}],"about":[{"href":"https:\/\/rzepedz.przemyska.pl\/index.php\/wp-json\/wp\/v2\/types\/post"}],"author":[{"embeddable":true,"href":"https:\/\/rzepedz.przemyska.pl\/index.php\/wp-json\/wp\/v2\/users\/1"}],"replies":[{"embeddable":true,"href":"https:\/\/rzepedz.przemyska.pl\/index.php\/wp-json\/wp\/v2\/comments?post=1154"}],"version-history":[{"count":0,"href":"https:\/\/rzepedz.przemyska.pl\/index.php\/wp-json\/wp\/v2\/posts\/1154\/revisions"}],"wp:featuredmedia":[{"embeddable":true,"href":"https:\/\/rzepedz.przemyska.pl\/index.php\/wp-json\/wp\/v2\/media\/1155"}],"wp:attachment":[{"href":"https:\/\/rzepedz.przemyska.pl\/index.php\/wp-json\/wp\/v2\/media?parent=1154"}],"wp:term":[{"taxonomy":"category","embeddable":true,"href":"https:\/\/rzepedz.przemyska.pl\/index.php\/wp-json\/wp\/v2\/categories?post=1154"},{"taxonomy":"post_tag","embeddable":true,"href":"https:\/\/rzepedz.przemyska.pl\/index.php\/wp-json\/wp\/v2\/tags?post=1154"}],"curies":[{"name":"wp","href":"https:\/\/api.w.org\/{rel}","templated":true}]}}