{"id":1160,"date":"2022-07-24T09:50:08","date_gmt":"2022-07-24T07:50:08","guid":{"rendered":"https:\/\/rzepedz.przemyska.pl\/?p=1160"},"modified":"2022-07-24T09:50:08","modified_gmt":"2022-07-24T07:50:08","slug":"17-niedziela-zwykla-24-lipca-2022","status":"publish","type":"post","link":"https:\/\/rzepedz.przemyska.pl\/index.php\/2022\/07\/24\/17-niedziela-zwykla-24-lipca-2022\/","title":{"rendered":"17 Niedziela zwyk\u0142a &#8211; 24 lipca 2022"},"content":{"rendered":"<ol>\n<li>Dzi\u015b po ka\u017cdej Mszy \u015awi\u0119tej b\u0142ogos\u0142awie\u0144stwo kierowc\u00f3w i po\u015bwi\u0119cenie pojazd\u00f3w mechanicznych. Przy tej okazji wspieramy dzie\u0142o misyjne Ko\u015bcio\u0142a sk\u0142adaj\u0105c do\u00a0puszki ofiar\u0119 na zakup \u015brodk\u00f3w transportu dla misjonarzy.<\/li>\n<li>Jutro dzie\u0144 imienin ks.\u00a0bpa Krzysztofa Chudzio &#8211;\u00a0pami\u0119tajmy o\u00a0solenizancie w\u00a0naszej modlitwie.<\/li>\n<li>W tym tygodniu Msza \u015bw. codziennie rano o godzinie 7.30<\/li>\n<li>Wspominamy: w poniedzia\u0142ek \u015bw. Jakuba Aposto\u0142a, we wtorek wspomnienie \u015bw. Joachima i Anny rodzic\u00f3w NMP \u2013 jest to dzie\u0144 modlitwy za rodzic\u00f3w i ludzi starszych, w \u015brod\u0119 zapraszamy na Nowenn\u0119 do Matki Bo\u017cej Salety\u0144skiej. w pi\u0105tek wspomnienie \u015bw. Marty, Marii i \u0141azarza, w sobot\u0119 \u015bw. Ignacego Loyol\u0119.<\/li>\n<li>Dzi\u0119kujemy Pa\u0144stwu El\u017cbiecie i Czes\u0142awowi i Paniom Wioletcie i Barbarze za przygotowanie \u015bwi\u0105tyni do\u00a0dzisiejszej liturgii i z\u0142o\u017con\u0105 ofiar\u0119 na kwiaty. B\u00f3g zap\u0142a\u0107! Prosz\u0119 o\u00a0kontynuowanie kolejki.<\/li>\n<\/ol>\n<p><strong>S\u0142owo \u017cycia na najbli\u017cszy tydzie\u0144:<\/strong> \u201ePanie, naucz nas si\u0119 modli\u0107\u201d (\u0141k 11,1).<\/p>\n","protected":false},"excerpt":{"rendered":"<p>Dzi\u015b po ka\u017cdej Mszy \u015awi\u0119tej b\u0142ogos\u0142awie\u0144stwo kierowc\u00f3w i po\u015bwi\u0119cenie pojazd\u00f3w mechanicznych. Przy tej okazji wspieramy dzie\u0142o misyjne Ko\u015bcio\u0142a sk\u0142adaj\u0105c do\u00a0puszki ofiar\u0119 na zakup \u015brodk\u00f3w transportu dla misjonarzy. Jutro dzie\u0144 imienin ks.\u00a0bpa Krzysztofa Chudzio &#8211;\u00a0pami\u0119tajmy o\u00a0solenizancie w\u00a0naszej modlitwie. W tym tygodniu Msza \u015bw. codziennie rano o godzinie 7.30 Wspominamy: w poniedzia\u0142ek \u015bw. Jakuba Aposto\u0142a, we wtorek [&hellip;]<\/p>\n","protected":false},"author":1,"featured_media":468,"comment_status":"closed","ping_status":"open","sticky":false,"template":"","format":"standard","meta":{"_jetpack_memberships_contains_paid_content":false,"footnotes":""},"categories":[3,2],"tags":[7],"class_list":{"0":"post-1160","1":"post","2":"type-post","3":"status-publish","4":"format-standard","5":"has-post-thumbnail","7":"category-aktualnosci","8":"category-ogloszenia","9":"tag-ogloszenia","10":"czr-hentry"},"jetpack_featured_media_url":"https:\/\/rzepedz.przemyska.pl\/wp-content\/uploads\/2021\/01\/Obraz1-1.jpg","jetpack_sharing_enabled":true,"_links":{"self":[{"href":"https:\/\/rzepedz.przemyska.pl\/index.php\/wp-json\/wp\/v2\/posts\/1160","targetHints":{"allow":["GET"]}}],"collection":[{"href":"https:\/\/rzepedz.przemyska.pl\/index.php\/wp-json\/wp\/v2\/posts"}],"about":[{"href":"https:\/\/rzepedz.przemyska.pl\/index.php\/wp-json\/wp\/v2\/types\/post"}],"author":[{"embeddable":true,"href":"https:\/\/rzepedz.przemyska.pl\/index.php\/wp-json\/wp\/v2\/users\/1"}],"replies":[{"embeddable":true,"href":"https:\/\/rzepedz.przemyska.pl\/index.php\/wp-json\/wp\/v2\/comments?post=1160"}],"version-history":[{"count":0,"href":"https:\/\/rzepedz.przemyska.pl\/index.php\/wp-json\/wp\/v2\/posts\/1160\/revisions"}],"wp:featuredmedia":[{"embeddable":true,"href":"https:\/\/rzepedz.przemyska.pl\/index.php\/wp-json\/wp\/v2\/media\/468"}],"wp:attachment":[{"href":"https:\/\/rzepedz.przemyska.pl\/index.php\/wp-json\/wp\/v2\/media?parent=1160"}],"wp:term":[{"taxonomy":"category","embeddable":true,"href":"https:\/\/rzepedz.przemyska.pl\/index.php\/wp-json\/wp\/v2\/categories?post=1160"},{"taxonomy":"post_tag","embeddable":true,"href":"https:\/\/rzepedz.przemyska.pl\/index.php\/wp-json\/wp\/v2\/tags?post=1160"}],"curies":[{"name":"wp","href":"https:\/\/api.w.org\/{rel}","templated":true}]}}